{"id":3441,"date":"2024-05-22T09:44:03","date_gmt":"2024-05-22T07:44:03","guid":{"rendered":"https:\/\/lusine.org\/?p=3441"},"modified":"2024-07-08T16:41:40","modified_gmt":"2024-07-08T14:41:40","slug":"3441","status":"publish","type":"post","link":"https:\/\/lusine.org\/index.php\/2024\/05\/22\/3441\/","title":{"rendered":"Yann Arthus-Bertrand, \u00e0 travers l\u2019objectif"},"content":{"rendered":"\n<style type=\"text\/css\" data-created_by=\"avia_inline_auto\" id=\"style-css-av-av_section-53f0c09981a31886054979f11613e4d7\">\n.avia-section.av-av_section-53f0c09981a31886054979f11613e4d7{\nbackground-repeat:no-repeat;\nbackground-image:url(https:\/\/lusine.org\/wp-content\/uploads\/2024\/04\/9598256-1.jpg);\nbackground-position:0% 0%;\nbackground-attachment:scroll;\n}\n<\/style>\n<div id='av_section_1'  class='avia-section av-av_section-53f0c09981a31886054979f11613e4d7 main_color avia-section-default avia-no-border-styling  avia-builder-el-0  avia-builder-el-no-sibling  avia-bg-style-scroll container_wrap sidebar_right'  data-section-bg-repeat='no-repeat'><div class='container av-section-cont-open' ><main  role=\"main\" itemprop=\"mainContentOfPage\"  class='template-page content  av-content-small alpha units'><div class='post-entry post-entry-type-page post-entry-3441'><div class='entry-content-wrapper clearfix'>\n<section  class='av_textblock_section av-lwhidquc-771de3f88c7fb0630c05c25d17630f88 '   itemscope=\"itemscope\" itemtype=\"https:\/\/schema.org\/BlogPosting\" itemprop=\"blogPost\" ><div class='avia_textblock'  itemprop=\"text\" ><p style=\"text-align: center;\"><span style=\"color: #000000;\"><strong>Exposition<\/strong><\/span><\/p>\n<\/div><\/section>\n\n<style type=\"text\/css\" data-created_by=\"avia_inline_auto\" id=\"style-css-av-av_hr-621a9f3ec4067e974413000fa12e22fb\">\n#top .hr.av-av_hr-621a9f3ec4067e974413000fa12e22fb{\nmargin-top:30px;\nmargin-bottom:30px;\n}\n.hr.av-av_hr-621a9f3ec4067e974413000fa12e22fb .hr-inner{\nwidth:50px;\nmax-width:45%;\n}\n<\/style>\n<div  class='hr av-av_hr-621a9f3ec4067e974413000fa12e22fb hr-custom  avia-builder-el-2  el_after_av_textblock  el_before_av_one_full  hr-center hr-icon-yes'><span class='hr-inner inner-border-av-border-thin'><span class=\"hr-inner-style\"><\/span><\/span><span class='av-seperator-icon avia-iconfont avia-font-entypo-fontello' data-av_icon='\ue834' data-av_iconfont='entypo-fontello' ><\/span><span class='hr-inner inner-border-av-border-thin'><span class=\"hr-inner-style\"><\/span><\/span><\/div>\n\n<style type=\"text\/css\" data-created_by=\"avia_inline_auto\" id=\"style-css-av-av_one_full-068220c8262444be99a83ad265bdcedb\">\n.flex_column.av-av_one_full-068220c8262444be99a83ad265bdcedb{\nborder-radius:0px 0px 0px 0px;\npadding:0px 0px 0px 0px;\n}\n<\/style>\n<div  class='flex_column av-av_one_full-068220c8262444be99a83ad265bdcedb av_one_full  avia-builder-el-3  el_after_av_hr  el_before_av_one_fifth  first flex_column_div av-zero-column-padding  '     ><p>\n<style type=\"text\/css\" data-created_by=\"avia_inline_auto\" id=\"style-css-av-lwhifqal-338037f3940ae152c2399c78f1087d82\">\n#top .av-special-heading.av-lwhifqal-338037f3940ae152c2399c78f1087d82{\npadding-bottom:10px;\nfont-size:50px;\n}\nbody .av-special-heading.av-lwhifqal-338037f3940ae152c2399c78f1087d82 .av-special-heading-tag .heading-char{\nfont-size:25px;\n}\n#top #wrap_all .av-special-heading.av-lwhifqal-338037f3940ae152c2399c78f1087d82 .av-special-heading-tag{\nfont-size:50px;\n}\n.av-special-heading.av-lwhifqal-338037f3940ae152c2399c78f1087d82 .av-subheading{\nfont-size:15px;\n}\n\n@media only screen and (min-width: 480px) and (max-width: 767px){ \n#top #wrap_all .av-special-heading.av-lwhifqal-338037f3940ae152c2399c78f1087d82 .av-special-heading-tag{\nfont-size:0.8em;\n}\n}\n\n@media only screen and (max-width: 479px){ \n#top #wrap_all .av-special-heading.av-lwhifqal-338037f3940ae152c2399c78f1087d82 .av-special-heading-tag{\nfont-size:0.8em;\n}\n}\n<\/style>\n<div  class='av-special-heading av-lwhifqal-338037f3940ae152c2399c78f1087d82 av-special-heading-h1 custom-color-heading blockquote modern-quote modern-centered  avia-builder-el-4  el_before_av_hr  avia-builder-el-first  av-inherit-size'><h1 class='av-special-heading-tag '  itemprop=\"headline\"  >Yann Arthus-Bertrand, \u00e0 travers l\u2019objectif<\/h1><div class=\"special-heading-border\"><div class=\"special-heading-inner-border\"><\/div><\/div><\/div><br \/>\n\n<style type=\"text\/css\" data-created_by=\"avia_inline_auto\" id=\"style-css-av-av_hr-65bd92347fddc685eba247be6d5a9a45\">\n#top .hr.hr-invisible.av-av_hr-65bd92347fddc685eba247be6d5a9a45{\nheight:40px;\n}\n<\/style>\n<div  class='hr av-av_hr-65bd92347fddc685eba247be6d5a9a45 hr-invisible  avia-builder-el-5  el_after_av_heading  el_before_av_textblock '><span class='hr-inner '><span class=\"hr-inner-style\"><\/span><\/span><\/div><br \/>\n<section  class='av_textblock_section av-lwhilqn8-682b77dd4b4f4d047abe74f2bd488133 '   itemscope=\"itemscope\" itemtype=\"https:\/\/schema.org\/BlogPosting\" itemprop=\"blogPost\" ><div class='avia_textblock'  itemprop=\"text\" ><h3 style=\"text-align: center;\"><strong>Exposition en plein air du 23 juin au 31 d\u00e9cembre 2024<\/strong><\/h3>\n<h2 style=\"text-align: center;\">\u00ab\u00a0La Terre vue du ciel\u00a0\u00bb<\/h2>\n<\/div><\/section><br \/>\n\n<style type=\"text\/css\" data-created_by=\"avia_inline_auto\" id=\"style-css-av-av_hr-65bd92347fddc685eba247be6d5a9a45\">\n#top .hr.hr-invisible.av-av_hr-65bd92347fddc685eba247be6d5a9a45{\nheight:40px;\n}\n<\/style>\n<div  class='hr av-av_hr-65bd92347fddc685eba247be6d5a9a45 hr-invisible  avia-builder-el-7  el_after_av_textblock  el_before_av_image '><span class='hr-inner '><span class=\"hr-inner-style\"><\/span><\/span><\/div><br \/>\n\n<style type=\"text\/css\" data-created_by=\"avia_inline_auto\" id=\"style-css-av-lwhiiqxp-c9e4ae4e3528bce5efffa9b3d8e84ef0\">\n.avia-image-container.av-lwhiiqxp-c9e4ae4e3528bce5efffa9b3d8e84ef0 img.avia_image{\nbox-shadow:none;\n}\n.avia-image-container.av-lwhiiqxp-c9e4ae4e3528bce5efffa9b3d8e84ef0 .av-image-caption-overlay-center{\ncolor:#ffffff;\n}\n<\/style>\n<div  class='avia-image-container av-lwhiiqxp-c9e4ae4e3528bce5efffa9b3d8e84ef0 av-styling- avia-align-center  avia-builder-el-8  el_after_av_hr  avia-builder-el-last '   itemprop=\"image\" itemscope=\"itemscope\" itemtype=\"https:\/\/schema.org\/ImageObject\" ><div class=\"avia-image-container-inner\"><div class=\"avia-image-overlay-wrap\"><img decoding=\"async\" fetchpriority=\"high\" class='wp-image-3442 avia-img-lazy-loading-not-3442 avia_image ' src=\"https:\/\/lusine.org\/wp-content\/uploads\/2024\/05\/2021.portrait_yab_credit_bruno-bebert_-_1-1500x630.jpg\" alt='' title='2021.portrait_yab_credit_bruno-bebert_-_1'  height=\"630\" width=\"1500\"  itemprop=\"thumbnailUrl\"  \/><\/div><\/div><\/div><\/p><\/div><div  class='flex_column av-av_one_fifth-db3c685d37a83d385059f6f31cd9c4a7 av_one_fifth  avia-builder-el-9  el_after_av_one_full  el_before_av_three_fifth  first flex_column_div  column-top-margin'     ><\/div><div  class='flex_column av-av_three_fifth-40977bc09da27d5fd81d8979a05c6d09 av_three_fifth  avia-builder-el-10  el_after_av_one_fifth  el_before_av_one_fifth  flex_column_div  column-top-margin'     ><p><section  class='av_textblock_section av-lwhijmuh-06683fa1c002a6a07998b3a7da0e0800 '   itemscope=\"itemscope\" itemtype=\"https:\/\/schema.org\/BlogPosting\" itemprop=\"blogPost\" ><div class='avia_textblock'  itemprop=\"text\" ><p><strong>La Maison de la Nature de Cavalaire ouvrira ses portes au public le 23 juin prochain. Au programme de cette nouvelle page du tourisme vert dans le Var : balades natures, concerts, conf\u00e9rences, ateliers p\u00e9dagogiques et expositions. Pour inaugurer ce projet audacieux qui a n\u00e9cessit\u00e9 des ann\u00e9es de r\u00e9novation et d\u2019efforts, le Maire de Cavalaire a d\u00e9cid\u00e9 de faire appel \u00e0 l\u2019un des photographes militants les plus importants de sa g\u00e9n\u00e9ration : Yann Arthus-Bertrand a fait depuis plus de 30 ans, le combat pour l\u2019\u00e9cologie, celui d\u2019une vie. A l\u2019occasion de sa venue \u00e0 Cavalaire qui accueille son exposition la Terre vue du ciel \u00e0 la Maison de la nature, il nous a accord\u00e9 une interview exclusive. Rencontre.<\/strong><\/p>\n<hr \/>\n<p><strong>\u00ab\u00a0La Terre vue du ciel\u00a0\u00bb, ce projet est n\u00e9 au d\u00e9but des ann\u00e9es 90, qu\u2019est-ce qui vous a inspir\u00e9 et comment ce projet a-t-il \u00e9volu\u00e9 au cours des deux derni\u00e8res d\u00e9cennies\u00a0?\u00a0 <\/strong><\/p>\n<p>Quand j\u2019\u00e9tais jeune, \u00e0 l\u2019aube de mes 20 ans, j\u2019\u00e9tais d\u00e9j\u00e0 \u00e9colo, un irr\u00e9ductible dans mon petit village, le seul \u00e0 voter pour le premier candidat \u00e9cologiste \u00e0 la pr\u00e9sidentielle, Dumont. A cette \u00e9poque, je voulais sauver les rhinoc\u00e9ros, les \u00e9l\u00e9phants et c\u2019est de cette volont\u00e9 qu\u2019est n\u00e9 le projet \u00ab\u00a0la Terre vue du ciel\u00a0\u00bb. 30 ans plus tard, je m\u2019aper\u00e7ois que ce que je veux sauver, ce sont mes petits-enfants. J\u2019ai donc beaucoup \u00e9volu\u00e9 depuis mes premi\u00e8res photos et j\u2019ai d\u00e9velopp\u00e9 une vraie conscience \u00e9cologique qui m\u2019a compl\u00e8tement transform\u00e9.<\/p>\n<p>Au d\u00e9but, personne ne croyait en ce projet et aucun mus\u00e9e n\u2019a accept\u00e9 d\u2019exposer mes photographies. C\u2019est pour cela que j\u2019ai invent\u00e9 les expositions en ext\u00e9rieur, afin de montrer mes \u0153uvres et faire bouger les consciences. Aujourd\u2019hui, l\u2019exposition a \u00e9t\u00e9 reproduite plus de 250 fois dans le monde, plus de 4 millions de livres ont \u00e9t\u00e9 vendus et je suis tr\u00e8s fier de faire de Cavalaire et de sa Maison de la nature notre prochain lieu d\u2019exposition \u00ab\u00a0hors-les-murs\u00a0\u00bb.<\/p>\n<p><strong>Les photos prises dans le cadre de \u00ab\u00a0La Terre vue du ciel\u00a0\u00bb sont une ode \u00e0 la nature et \u00e0 sa beaut\u00e9. Or, lorsqu\u2019on s\u2019imagine des photos militantes, ce sont plut\u00f4t des images de d\u00e9sastres qui nous viennent \u00e0 l\u2019esprit, pourquoi avoir fait ce choix\u00a0? Quel pouvoir \u00e0 la beaut\u00e9 sur les prises de conscience\u00a0? <\/strong><\/p>\n<p>Tout d\u2019abord, quand vous faites de la photographie a\u00e9rienne comme moi, m\u00eame si depuis 5 ans, nous travaillons avec des drones, la pollution ne se voit pas. La terre est toujours aussi belle, la terre est une \u0153uvre d\u2019art et c\u2019est extraordinaire de la survoler. La beaut\u00e9 ce ne sont pas seulement les prises de vue, c\u2019est aussi parler du monde, expliquer avec des chiffres, des l\u00e9gendes ce qui se passe autour de nous. Je cherche \u00e0 donner du sens, \u00e0 faire r\u00e9fl\u00e9chir. Je suis stup\u00e9fait par l\u2019indiff\u00e9rence g\u00e9n\u00e9rale qu\u2019il y a sur les probl\u00e8mes du monde et la violence qu\u2019inflige l\u2019homme \u00e0 la vie sur terre\u00a0: par les pesticides, la d\u00e9forestation, la surp\u00eache, en continuant \u00e0 \u00e9mettre des gaz \u00e0 effets de serre qui sont en train de nous tuer. A travers mes expos, mes livres, mes films, j\u2019essaye d\u2019\u00e9veiller un peu les consciences. Et, au final, ce qui est important aujourd\u2019hui, ce sont les gens, ils m\u2019int\u00e9ressent plus que les paysages. J\u2019ai l\u2019impression que la vraie beaut\u00e9, la beaut\u00e9 que j\u2019ai recherch\u00e9e autour du monde, c\u2019est celle des gens. Des gens qui font, des gens qui partagent, qui donnent, qui sont b\u00e9n\u00e9voles\u2026 Et cette beaut\u00e9 elle a un nom, l\u2019amour. Et je peux vous dire que pour moi, la v\u00e9ritable \u00e9nergie durable, c\u2019est l\u2019amour. Cela peut para\u00eetre na\u00eff, mais c\u2019est ce en quoi je crois profond\u00e9ment.<\/p>\n<p><strong>Si les personnes qui visitent votre exposition devaient retenir une seule chose, quelle serait-elle\u00a0? <\/strong><\/p>\n<p>Je suis intimement convaincu que c\u2019est vraiment le sentiment, qui va s\u00fbrement vous para\u00eetre un peu ridicule, d\u2019amour pour la vie autour de moi et de respect infini. Respect pour les gens, les arbres, je me sens faire partie d\u2019un tout, de cette nature, je me sens proche. Et c\u2019est vraiment ce que j\u2019aimerais transmettre. Que les aborig\u00e8nes d\u2019Australie sont nos fr\u00e8res, que les arbres sont nos fr\u00e8res, que la nature, la vie et nous sommes un tout. Je souhaite qu\u2019on puisse \u00eatre capables d\u2019ouvrir son c\u0153ur, d\u2019accepter nos imperfections et que c\u2019est peut-\u00eatre en s\u2019aimant un peu plus les uns les autres qu\u2019on aimera un peu plus le monde.<\/p>\n<p><strong>Vous d\u00e9clarez qu\u2019agir pour la plan\u00e8te rend heureux, est-ce que vous pouvez nous parler de gestes du quotidien en faveur de la plan\u00e8te\u00a0? <\/strong><\/p>\n<p>Je pense vraiment qu\u2019agir rend heureux, et que plus on agit, plus on est heureux. Les scientifiques parlent de la 6eme extinction et ce n\u2019est pas une chose \u00e0 prendre \u00e0 la l\u00e9g\u00e8re. On parle quand m\u00eame de la vie sur terre, des gens qu\u2019on aime, de l\u2019avenir de nos enfants, de notre avenir. J\u2019entends beaucoup de r\u00e9flexions \u00ab\u00a0mais qu\u2019est-ce que je peux faire\u00a0?\u00a0\u00bb, alors oui il y en a qui peuvent faire beaucoup, d\u2019autres moins mais l\u2019important c\u2019est de faire, d\u2019agir. Bien s\u00fbr, si on veut agir, il existe plein de moyens, comme consommer moins de viande industrielle, manger bio\u2026 je me r\u00e9p\u00e8te mais l\u2019important c\u2019est d\u2019agir.<\/p>\n<p><strong>Quels sont vos prochains projets\u00a0? <\/strong><\/p>\n<p>Plus t\u00f4t, je vous parlais d\u2019amour, et de la beaut\u00e9 des gens. Et c\u2019est avec cette intime conviction que j\u2019ai commenc\u00e9 mon projet sur le France et les Fran\u00e7ais. Inspir\u00e9 du recensement et des grandes enqu\u00eates de l\u2019INSEE, j\u2019ai voulu remplacer les tableaux de chiffres abstraits par des tableaux visuels qui offrent \u00e0 voir la diversit\u00e9 de celles et ceux qui peuplent la France.<\/p>\n<\/div><\/section><br \/>\n\n<style type=\"text\/css\" data-created_by=\"avia_inline_auto\" id=\"style-css-av-av_hr-65bd92347fddc685eba247be6d5a9a45\">\n#top .hr.hr-invisible.av-av_hr-65bd92347fddc685eba247be6d5a9a45{\nheight:40px;\n}\n<\/style>\n<div  class='hr av-av_hr-65bd92347fddc685eba247be6d5a9a45 hr-invisible  avia-builder-el-12  el_after_av_textblock  avia-builder-el-last '><span class='hr-inner '><span class=\"hr-inner-style\"><\/span><\/span><\/div><\/p><\/div><div  class='flex_column av-av_one_fifth-40977bc09da27d5fd81d8979a05c6d09 av_one_fifth  avia-builder-el-13  el_after_av_three_fifth  el_before_av_hr  flex_column_div  column-top-margin'     ><\/div>\n<style type=\"text\/css\" data-created_by=\"avia_inline_auto\" id=\"style-css-av-av_hr-cdfdb1f630f5571aa0962daae980d79d\">\n#top .hr.hr-invisible.av-av_hr-cdfdb1f630f5571aa0962daae980d79d{\nheight:60px;\n}\n<\/style>\n<div  class='hr av-av_hr-cdfdb1f630f5571aa0962daae980d79d hr-invisible  avia-builder-el-14  el_after_av_one_fifth  el_before_av_button '><span class='hr-inner '><span class=\"hr-inner-style\"><\/span><\/span><\/div>\n<div  class='avia-button-wrap av-av_button-59bcfdfba4b9c8f1285b9e50fc9c8613-wrap avia-button-center  avia-builder-el-15  el_after_av_hr  avia-builder-el-last '><a href='https:\/\/lusine.org\/index.php\/concerts-evenements\/'  class='avia-button av-av_button-59bcfdfba4b9c8f1285b9e50fc9c8613 av-link-btn avia-icon_select-no avia-size-medium avia-position-center avia-color-dark'   aria-label=\"Retour\"><span class='avia_iconbox_title' >Retour<\/span><\/a><\/div>\n<\/div><\/div><\/main><!-- close content main element --><\/div><\/div><div id='after_section_1'  class='main_color av_default_container_wrap container_wrap sidebar_right'  ><div class='container av-section-cont-open' ><div class='template-page content  av-content-small alpha units'><div class='post-entry post-entry-type-page post-entry-3441'><div class='entry-content-wrapper clearfix'>\n","protected":false},"excerpt":{"rendered":"","protected":false},"author":1,"featured_media":3442,"comment_status":"closed","ping_status":"closed","sticky":false,"template":"","format":"standard","meta":{"footnotes":""},"categories":[6,1],"tags":[],"class_list":["post-3441","post","type-post","status-publish","format-standard","has-post-thumbnail","hentry","category-la-maison-de-la-nature","category-non-classe"],"_links":{"self":[{"href":"https:\/\/lusine.org\/index.php\/wp-json\/wp\/v2\/posts\/3441","targetHints":{"allow":["GET"]}}],"collection":[{"href":"https:\/\/lusine.org\/index.php\/wp-json\/wp\/v2\/posts"}],"about":[{"href":"https:\/\/lusine.org\/index.php\/wp-json\/wp\/v2\/types\/post"}],"author":[{"embeddable":true,"href":"https:\/\/lusine.org\/index.php\/wp-json\/wp\/v2\/users\/1"}],"replies":[{"embeddable":true,"href":"https:\/\/lusine.org\/index.php\/wp-json\/wp\/v2\/comments?post=3441"}],"version-history":[{"count":8,"href":"https:\/\/lusine.org\/index.php\/wp-json\/wp\/v2\/posts\/3441\/revisions"}],"predecessor-version":[{"id":3637,"href":"https:\/\/lusine.org\/index.php\/wp-json\/wp\/v2\/posts\/3441\/revisions\/3637"}],"wp:featuredmedia":[{"embeddable":true,"href":"https:\/\/lusine.org\/index.php\/wp-json\/wp\/v2\/media\/3442"}],"wp:attachment":[{"href":"https:\/\/lusine.org\/index.php\/wp-json\/wp\/v2\/media?parent=3441"}],"wp:term":[{"taxonomy":"category","embeddable":true,"href":"https:\/\/lusine.org\/index.php\/wp-json\/wp\/v2\/categories?post=3441"},{"taxonomy":"post_tag","embeddable":true,"href":"https:\/\/lusine.org\/index.php\/wp-json\/wp\/v2\/tags?post=3441"}],"curies":[{"name":"wp","href":"https:\/\/api.w.org\/{rel}","templated":true}]}}