{"id":3900,"date":"2024-10-02T09:53:33","date_gmt":"2024-10-02T07:53:33","guid":{"rendered":"https:\/\/lusine.org\/?p=3900"},"modified":"2024-10-02T10:12:42","modified_gmt":"2024-10-02T08:12:42","slug":"la-maison-de-la-nature-participe-au-salon-gondwana-au-domaine-du-rayol","status":"publish","type":"post","link":"https:\/\/lusine.org\/index.php\/2024\/10\/02\/la-maison-de-la-nature-participe-au-salon-gondwana-au-domaine-du-rayol\/","title":{"rendered":"La Maison de la Nature participe au Salon Gondwana au Domaine du Rayol !"},"content":{"rendered":"\n<style type=\"text\/css\" data-created_by=\"avia_inline_auto\" id=\"style-css-av-av_section-53f0c09981a31886054979f11613e4d7\">\n.avia-section.av-av_section-53f0c09981a31886054979f11613e4d7{\nbackground-repeat:no-repeat;\nbackground-image:url(https:\/\/lusine.org\/wp-content\/uploads\/2024\/04\/9598256-1.jpg);\nbackground-position:0% 0%;\nbackground-attachment:scroll;\n}\n<\/style>\n<div id='av_section_1'  class='avia-section av-av_section-53f0c09981a31886054979f11613e4d7 main_color avia-section-default avia-no-border-styling  avia-builder-el-0  avia-builder-el-no-sibling  avia-bg-style-scroll container_wrap sidebar_right'  data-section-bg-repeat='no-repeat'><div class='container av-section-cont-open' ><main  role=\"main\" itemprop=\"mainContentOfPage\"  class='template-page content  av-content-small alpha units'><div class='post-entry post-entry-type-page post-entry-3900'><div class='entry-content-wrapper clearfix'>\n<section  class='av_textblock_section av-av_textblock-8eba2417de9ea263f0cb5a774f45768a '   itemscope=\"itemscope\" itemtype=\"https:\/\/schema.org\/BlogPosting\" itemprop=\"blogPost\" ><div class='avia_textblock'  itemprop=\"text\" ><p style=\"text-align: center;\"><span style=\"color: #000000;\"><strong>Ev\u00e9nement<\/strong><\/span><\/p>\n<\/div><\/section>\n\n<style type=\"text\/css\" data-created_by=\"avia_inline_auto\" id=\"style-css-av-av_hr-621a9f3ec4067e974413000fa12e22fb\">\n#top .hr.av-av_hr-621a9f3ec4067e974413000fa12e22fb{\nmargin-top:30px;\nmargin-bottom:30px;\n}\n.hr.av-av_hr-621a9f3ec4067e974413000fa12e22fb .hr-inner{\nwidth:50px;\nmax-width:45%;\n}\n<\/style>\n<div  class='hr av-av_hr-621a9f3ec4067e974413000fa12e22fb hr-custom  avia-builder-el-2  el_after_av_textblock  el_before_av_heading  hr-center hr-icon-yes'><span class='hr-inner inner-border-av-border-thin'><span class=\"hr-inner-style\"><\/span><\/span><span class='av-seperator-icon avia-iconfont avia-font-entypo-fontello' data-av_icon='\ue834' data-av_iconfont='entypo-fontello' ><\/span><span class='hr-inner inner-border-av-border-thin'><span class=\"hr-inner-style\"><\/span><\/span><\/div>\n\n<style type=\"text\/css\" data-created_by=\"avia_inline_auto\" id=\"style-css-av-m1rk59pv-ff946afb20db197eb300a9cacbbe8c7c\">\n#top .av-special-heading.av-m1rk59pv-ff946afb20db197eb300a9cacbbe8c7c{\npadding-bottom:10px;\nfont-size:50px;\n}\nbody .av-special-heading.av-m1rk59pv-ff946afb20db197eb300a9cacbbe8c7c .av-special-heading-tag .heading-char{\nfont-size:25px;\n}\n#top #wrap_all .av-special-heading.av-m1rk59pv-ff946afb20db197eb300a9cacbbe8c7c .av-special-heading-tag{\nfont-size:50px;\n}\n.av-special-heading.av-m1rk59pv-ff946afb20db197eb300a9cacbbe8c7c .av-subheading{\nfont-size:15px;\n}\n\n@media only screen and (min-width: 480px) and (max-width: 767px){ \n#top #wrap_all .av-special-heading.av-m1rk59pv-ff946afb20db197eb300a9cacbbe8c7c .av-special-heading-tag{\nfont-size:0.8em;\n}\n}\n\n@media only screen and (max-width: 479px){ \n#top #wrap_all .av-special-heading.av-m1rk59pv-ff946afb20db197eb300a9cacbbe8c7c .av-special-heading-tag{\nfont-size:0.8em;\n}\n}\n<\/style>\n<div  class='av-special-heading av-m1rk59pv-ff946afb20db197eb300a9cacbbe8c7c av-special-heading-h1 custom-color-heading blockquote modern-quote modern-centered  avia-builder-el-3  el_after_av_hr  el_before_av_two_third  av-inherit-size'><h1 class='av-special-heading-tag '  itemprop=\"headline\"  >La Maison de la Nature participe au Salon Gondwana au Domaine du Rayol ! <\/h1><div class=\"special-heading-border\"><div class=\"special-heading-inner-border\"><\/div><\/div><\/div>\n\n<style type=\"text\/css\" data-created_by=\"avia_inline_auto\" id=\"style-css-av-av_two_third-068220c8262444be99a83ad265bdcedb\">\n.flex_column.av-av_two_third-068220c8262444be99a83ad265bdcedb{\nborder-radius:0px 0px 0px 0px;\npadding:0px 0px 0px 0px;\n}\n<\/style>\n<div  class='flex_column av-av_two_third-068220c8262444be99a83ad265bdcedb av_two_third  avia-builder-el-4  el_after_av_heading  el_before_av_one_third  first flex_column_div av-zero-column-padding  '     ><p>\n<style type=\"text\/css\" data-created_by=\"avia_inline_auto\" id=\"style-css-av-av_hr-65bd92347fddc685eba247be6d5a9a45\">\n#top .hr.hr-invisible.av-av_hr-65bd92347fddc685eba247be6d5a9a45{\nheight:40px;\n}\n<\/style>\n<div  class='hr av-av_hr-65bd92347fddc685eba247be6d5a9a45 hr-invisible  avia-builder-el-5  el_before_av_textblock  avia-builder-el-first '><span class='hr-inner '><span class=\"hr-inner-style\"><\/span><\/span><\/div><br \/>\n<section  class='av_textblock_section av-m1rk6lw8-a74a8d51a763bc4dfe69194ae612275c '   itemscope=\"itemscope\" itemtype=\"https:\/\/schema.org\/BlogPosting\" itemprop=\"blogPost\" ><div class='avia_textblock'  itemprop=\"text\" ><p>Nous sommes enchant\u00e9s de vous annoncer que la Maison de la Nature prendra part au Salon Gondwana, un \u00e9v\u00e9nement incontournable d\u00e9di\u00e9 aux plantes m\u00e9diterran\u00e9ennes, qui se tiendra les <strong>5 et 6 octobre<\/strong> au magnifique <strong>Domaine du Rayol &#8211; Jardin des M\u00e9diterran\u00e9es<\/strong>.<\/p>\n<p>En raison de notre participation \u00e0 ce salon, <strong>la Maison de la Nature sera exceptionnellement ferm\u00e9e au public les 5 et 6 octobre 2024<\/strong>. Nous vous remercions de votre compr\u00e9hension.<\/p>\n<p>Cette participation repr\u00e9sente une formidable occasion pour nous de pr\u00e9senter nos actions en faveur de la biodiversit\u00e9 m\u00e9diterran\u00e9enne, nos produits et nos projets en lien avec la nature. Nous serons ravis de vous rencontrer pour \u00e9changer sur les meilleures pratiques environnementales, partager notre passion et r\u00e9pondre \u00e0 toutes vos questions.<\/p>\n<h3><strong>Th\u00e8me 2024\u00a0: les jardiniers plan\u00e9taires<\/strong><\/h3>\n<p>Cette ann\u00e9e, pour sa\u00a020e \u00e9dition, GONDWANA met \u00e0 l\u2019honneur les jardiniers plan\u00e9taires, en \u00e9cho au concept de \u00ab Jardin plan\u00e9taire \u00bb cr\u00e9\u00e9 par le paysagiste Gilles Cl\u00e9ment, concepteur du Jardin des M\u00e9diterran\u00e9es : la plan\u00e8te vue comme un jardin, un espace clos aux ressources limit\u00e9es, dont l\u2019Homme, en bon jardinier, doit prendre soin. Depuis la crise environnementale mondiale, nous sommes pouss\u00e9s \u00e0 inventer un nouveau rapport au Vivant.<\/p>\n<p>Autour du th\u00e8me \u00ab Les jardiniers plan\u00e9taires \u00bb, seront programm\u00e9es des\u00a0conf\u00e9rences, une table ronde avec Gilles Cl\u00e9ment, et des causeries\u00a0qui rythmeront le week-end.<\/p>\n<p>Viendront \u00e9galement s\u2019ajouter au programme les activit\u00e9s phares du Domaine du Rayol :\u00a0visites comment\u00e9es du jardin, exposition th\u00e9matique, ateliers cr\u00e9atifs et animations pour petits et grands, rencontres et d\u00e9dicaces \u00e0 la Librairie des Jardiniers, restauration sur place au Caf\u00e9 des Jardiniers\u2026<\/p>\n<p><strong>Nous esp\u00e9rons vous y voir nombreux et sommes impatients de vivre cet \u00e9v\u00e9nement \u00e0 vos c\u00f4t\u00e9s !<\/strong><\/p>\n<\/div><\/section><br \/>\n\n<style type=\"text\/css\" data-created_by=\"avia_inline_auto\" id=\"style-css-av-av_hr-65bd92347fddc685eba247be6d5a9a45\">\n#top .hr.hr-invisible.av-av_hr-65bd92347fddc685eba247be6d5a9a45{\nheight:40px;\n}\n<\/style>\n<div  class='hr av-av_hr-65bd92347fddc685eba247be6d5a9a45 hr-invisible  avia-builder-el-7  el_after_av_textblock  avia-builder-el-last '><span class='hr-inner '><span class=\"hr-inner-style\"><\/span><\/span><\/div><\/p><\/div><div  class='flex_column av-av_one_third-5ebb9248fb9c120f6665341cb151d4ce av_one_third  avia-builder-el-8  el_after_av_two_third  el_before_av_textblock  flex_column_div  '     ><style type=\"text\/css\" data-created_by=\"avia_inline_auto\" id=\"style-css-av-m1rk93o3-9253d7abc1f8ca63fa09cfaac6c7298a\">\n.avia-image-container.av-m1rk93o3-9253d7abc1f8ca63fa09cfaac6c7298a img.avia_image{\nbox-shadow:none;\n}\n.avia-image-container.av-m1rk93o3-9253d7abc1f8ca63fa09cfaac6c7298a .av-image-caption-overlay-center{\ncolor:#ffffff;\n}\n<\/style>\n<div  class='avia-image-container av-m1rk93o3-9253d7abc1f8ca63fa09cfaac6c7298a av-styling- avia-align-center  avia-builder-el-9  avia-builder-el-no-sibling '   itemprop=\"image\" itemscope=\"itemscope\" itemtype=\"https:\/\/schema.org\/ImageObject\" ><div class=\"avia-image-container-inner\"><div class=\"avia-image-overlay-wrap\"><img decoding=\"async\" fetchpriority=\"high\" class='wp-image-3901 avia-img-lazy-loading-not-3901 avia_image ' src=\"https:\/\/lusine.org\/wp-content\/uploads\/2024\/10\/Affiche-Gondwana-2024-700x990-1.jpg\" alt='' title='Affiche-Gondwana-2024-700x990'  height=\"990\" width=\"700\"  itemprop=\"thumbnailUrl\" srcset=\"https:\/\/lusine.org\/wp-content\/uploads\/2024\/10\/Affiche-Gondwana-2024-700x990-1.jpg 700w, https:\/\/lusine.org\/wp-content\/uploads\/2024\/10\/Affiche-Gondwana-2024-700x990-1-212x300.jpg 212w, https:\/\/lusine.org\/wp-content\/uploads\/2024\/10\/Affiche-Gondwana-2024-700x990-1-498x705.jpg 498w\" sizes=\"(max-width: 700px) 100vw, 700px\" \/><\/div><\/div><\/div><\/div><section  class='av_textblock_section av-m1rk7b0v-2948c6209529d04794dc26451f7f4c29 '   itemscope=\"itemscope\" itemtype=\"https:\/\/schema.org\/BlogPosting\" itemprop=\"blogPost\" ><div class='avia_textblock'  itemprop=\"text\" ><h3 style=\"text-align: center;\"><span style=\"color: #ff0000;\"><strong>Attention, fermeture exceptionnelle de la Maison de la Nature le 5 et 6 octobre 2024<br \/>\n<\/strong><\/span><\/h3>\n<\/div><\/section>\n\n<style type=\"text\/css\" data-created_by=\"avia_inline_auto\" id=\"style-css-av-av_hr-65bd92347fddc685eba247be6d5a9a45\">\n#top .hr.hr-invisible.av-av_hr-65bd92347fddc685eba247be6d5a9a45{\nheight:40px;\n}\n<\/style>\n<div  class='hr av-av_hr-65bd92347fddc685eba247be6d5a9a45 hr-invisible  avia-builder-el-11  el_after_av_textblock  el_before_av_button '><span class='hr-inner '><span class=\"hr-inner-style\"><\/span><\/span><\/div>\n<div  class='avia-button-wrap av-m1rkdfaz-f4f57bb0d5558e2698b5c435d18784f5-wrap avia-button-center  avia-builder-el-12  el_after_av_hr  el_before_av_hr '><a href='https:\/\/www.domainedurayol.org\/evenement\/gondwana-8\/'  class='avia-button av-m1rkdfaz-f4f57bb0d5558e2698b5c435d18784f5 av-link-btn avia-icon_select-no avia-size-x-large avia-position-center avia-color-theme-color'  target=\"_blank\"  rel=\"noopener noreferrer\"  aria-label=\"En savoir plus\"><span class='avia_iconbox_title' >En savoir plus<\/span><\/a><\/div>\n\n<style type=\"text\/css\" data-created_by=\"avia_inline_auto\" id=\"style-css-av-av_hr-cdfdb1f630f5571aa0962daae980d79d\">\n#top .hr.hr-invisible.av-av_hr-cdfdb1f630f5571aa0962daae980d79d{\nheight:60px;\n}\n<\/style>\n<div  class='hr av-av_hr-cdfdb1f630f5571aa0962daae980d79d hr-invisible  avia-builder-el-13  el_after_av_button  el_before_av_button '><span class='hr-inner '><span class=\"hr-inner-style\"><\/span><\/span><\/div>\n<div  class='avia-button-wrap av-av_button-3ff416f170ea48dde61c8ad48380a537-wrap avia-button-center  avia-builder-el-14  el_after_av_hr  avia-builder-el-last '><a href='https:\/\/lusine.org\/index.php\/01-la-maison-de-la-nature\/actualites\/'  class='avia-button av-av_button-3ff416f170ea48dde61c8ad48380a537 av-link-btn avia-icon_select-no avia-size-medium avia-position-center avia-color-dark'   aria-label=\"Retour\"><span class='avia_iconbox_title' >Retour<\/span><\/a><\/div>\n<\/div><\/div><\/main><!-- close content main element --><\/div><\/div><div id='after_section_1'  class='main_color av_default_container_wrap container_wrap sidebar_right'  ><div class='container av-section-cont-open' ><div class='template-page content  av-content-small alpha units'><div class='post-entry post-entry-type-page post-entry-3900'><div class='entry-content-wrapper clearfix'>\n","protected":false},"excerpt":{"rendered":"<p>5 et 6 octobre <\/p>\n","protected":false},"author":5,"featured_media":3904,"comment_status":"closed","ping_status":"closed","sticky":false,"template":"","format":"standard","meta":{"footnotes":""},"categories":[6],"tags":[],"class_list":["post-3900","post","type-post","status-publish","format-standard","has-post-thumbnail","hentry","category-la-maison-de-la-nature"],"_links":{"self":[{"href":"https:\/\/lusine.org\/index.php\/wp-json\/wp\/v2\/posts\/3900","targetHints":{"allow":["GET"]}}],"collection":[{"href":"https:\/\/lusine.org\/index.php\/wp-json\/wp\/v2\/posts"}],"about":[{"href":"https:\/\/lusine.org\/index.php\/wp-json\/wp\/v2\/types\/post"}],"author":[{"embeddable":true,"href":"https:\/\/lusine.org\/index.php\/wp-json\/wp\/v2\/users\/5"}],"replies":[{"embeddable":true,"href":"https:\/\/lusine.org\/index.php\/wp-json\/wp\/v2\/comments?post=3900"}],"version-history":[{"count":12,"href":"https:\/\/lusine.org\/index.php\/wp-json\/wp\/v2\/posts\/3900\/revisions"}],"predecessor-version":[{"id":3918,"href":"https:\/\/lusine.org\/index.php\/wp-json\/wp\/v2\/posts\/3900\/revisions\/3918"}],"wp:featuredmedia":[{"embeddable":true,"href":"https:\/\/lusine.org\/index.php\/wp-json\/wp\/v2\/media\/3904"}],"wp:attachment":[{"href":"https:\/\/lusine.org\/index.php\/wp-json\/wp\/v2\/media?parent=3900"}],"wp:term":[{"taxonomy":"category","embeddable":true,"href":"https:\/\/lusine.org\/index.php\/wp-json\/wp\/v2\/categories?post=3900"},{"taxonomy":"post_tag","embeddable":true,"href":"https:\/\/lusine.org\/index.php\/wp-json\/wp\/v2\/tags?post=3900"}],"curies":[{"name":"wp","href":"https:\/\/api.w.org\/{rel}","templated":true}]}}