{"id":4330,"date":"2025-08-21T14:37:24","date_gmt":"2025-08-21T12:37:24","guid":{"rendered":"https:\/\/lusine.org\/?p=4330"},"modified":"2025-08-21T14:38:14","modified_gmt":"2025-08-21T12:38:14","slug":"cavalaire-celebre-les-journees-europeennes-du-patrimoine","status":"publish","type":"post","link":"https:\/\/lusine.org\/index.php\/2025\/08\/21\/cavalaire-celebre-les-journees-europeennes-du-patrimoine\/","title":{"rendered":"Cavalaire c\u00e9l\u00e8bre les Journ\u00e9es Europ\u00e9ennes du Patrimoine"},"content":{"rendered":"\n<style type=\"text\/css\" data-created_by=\"avia_inline_auto\" id=\"style-css-av-ek21q2-da846632b7ee384f918ed30cfba1c96e\">\n.avia-section.av-ek21q2-da846632b7ee384f918ed30cfba1c96e{\nbackground-repeat:no-repeat;\nbackground-image:url(https:\/\/lusine.org\/wp-content\/uploads\/2024\/04\/9598256-1.jpg);\nbackground-position:0% 0%;\nbackground-attachment:scroll;\n}\n<\/style>\n<div id='av_section_1'  class='avia-section av-ek21q2-da846632b7ee384f918ed30cfba1c96e main_color avia-section-default avia-no-border-styling  avia-builder-el-0  avia-builder-el-no-sibling  avia-bg-style-scroll container_wrap sidebar_right'  data-section-bg-repeat='no-repeat'><div class='container av-section-cont-open' ><main  role=\"main\" itemprop=\"mainContentOfPage\"  class='template-page content  av-content-small alpha units'><div class='post-entry post-entry-type-page post-entry-4330'><div class='entry-content-wrapper clearfix'>\n<section  class='av_textblock_section av-16garu-e6c156532b8071bf54691db03272b46e '   itemscope=\"itemscope\" itemtype=\"https:\/\/schema.org\/BlogPosting\" itemprop=\"blogPost\" ><div class='avia_textblock'  itemprop=\"text\" ><p style=\"text-align: center;\"><span style=\"color: #000000;\"><strong>Ev\u00e9nement<\/strong><\/span><\/p>\n<\/div><\/section>\n\n<style type=\"text\/css\" data-created_by=\"avia_inline_auto\" id=\"style-css-av-b5hr4q-a2d1ef4054b9f4577e2d4118105e879d\">\n#top .hr.av-b5hr4q-a2d1ef4054b9f4577e2d4118105e879d{\nmargin-top:30px;\nmargin-bottom:30px;\n}\n.hr.av-b5hr4q-a2d1ef4054b9f4577e2d4118105e879d .hr-inner{\nwidth:50px;\nmax-width:45%;\n}\n<\/style>\n<div  class='hr av-b5hr4q-a2d1ef4054b9f4577e2d4118105e879d hr-custom  avia-builder-el-2  el_after_av_textblock  el_before_av_heading  hr-center hr-icon-yes'><span class='hr-inner inner-border-av-border-thin'><span class=\"hr-inner-style\"><\/span><\/span><span class='av-seperator-icon avia-iconfont avia-font-entypo-fontello' data-av_icon='\ue834' data-av_iconfont='entypo-fontello' ><\/span><span class='hr-inner inner-border-av-border-thin'><span class=\"hr-inner-style\"><\/span><\/span><\/div>\n\n<style type=\"text\/css\" data-created_by=\"avia_inline_auto\" id=\"style-css-av-meldspz5-936844945756690dc8e7c5203d10d4ac\">\n#top .av-special-heading.av-meldspz5-936844945756690dc8e7c5203d10d4ac{\npadding-bottom:10px;\nfont-size:50px;\n}\nbody .av-special-heading.av-meldspz5-936844945756690dc8e7c5203d10d4ac .av-special-heading-tag .heading-char{\nfont-size:25px;\n}\n#top #wrap_all .av-special-heading.av-meldspz5-936844945756690dc8e7c5203d10d4ac .av-special-heading-tag{\nfont-size:50px;\n}\n.av-special-heading.av-meldspz5-936844945756690dc8e7c5203d10d4ac .av-subheading{\nfont-size:15px;\n}\n\n@media only screen and (min-width: 480px) and (max-width: 767px){ \n#top #wrap_all .av-special-heading.av-meldspz5-936844945756690dc8e7c5203d10d4ac .av-special-heading-tag{\nfont-size:0.8em;\n}\n}\n\n@media only screen and (max-width: 479px){ \n#top #wrap_all .av-special-heading.av-meldspz5-936844945756690dc8e7c5203d10d4ac .av-special-heading-tag{\nfont-size:0.8em;\n}\n}\n<\/style>\n<div  class='av-special-heading av-meldspz5-936844945756690dc8e7c5203d10d4ac av-special-heading-h1 custom-color-heading blockquote modern-quote modern-centered  avia-builder-el-3  el_after_av_hr  el_before_av_one_full  av-inherit-size'><h1 class='av-special-heading-tag '  itemprop=\"headline\"  >Cavalaire c\u00e9l\u00e8bre les Journ\u00e9es Europ\u00e9ennes du Patrimoine !<\/h1><div class=\"special-heading-border\"><div class=\"special-heading-inner-border\"><\/div><\/div><\/div>\n\n<style type=\"text\/css\" data-created_by=\"avia_inline_auto\" id=\"style-css-av-8ms5ei-e445db244731ce6e3de599a3d14d77d8\">\n.flex_column.av-8ms5ei-e445db244731ce6e3de599a3d14d77d8{\nborder-radius:0px 0px 0px 0px;\npadding:0px 0px 0px 0px;\n}\n<\/style>\n<div  class='flex_column av-8ms5ei-e445db244731ce6e3de599a3d14d77d8 av_one_full  avia-builder-el-4  el_after_av_heading  el_before_av_hr  first flex_column_div av-zero-column-padding  '     ><p>\n<style type=\"text\/css\" data-created_by=\"avia_inline_auto\" id=\"style-css-av-7au422-8919c3065475b6a4ae214b2ab73a3f36\">\n#top .hr.hr-invisible.av-7au422-8919c3065475b6a4ae214b2ab73a3f36{\nheight:40px;\n}\n<\/style>\n<div  class='hr av-7au422-8919c3065475b6a4ae214b2ab73a3f36 hr-invisible  avia-builder-el-5  el_before_av_textblock  avia-builder-el-first '><span class='hr-inner '><span class=\"hr-inner-style\"><\/span><\/span><\/div><br \/>\n<section  class='av_textblock_section av-meldt0ew-6efcd1f32e6543c672457e2a06d93652 '   itemscope=\"itemscope\" itemtype=\"https:\/\/schema.org\/BlogPosting\" itemprop=\"blogPost\" ><div class='avia_textblock'  itemprop=\"text\" ><p><strong><img loading=\"lazy\" decoding=\"async\" class=\" wp-image-4331 alignleft\" src=\"http:\/\/lusine.org\/wp-content\/uploads\/2025\/08\/patrimoin-2025-211x300.png\" alt=\"\" width=\"425\" height=\"605\" srcset=\"https:\/\/lusine.org\/wp-content\/uploads\/2025\/08\/patrimoin-2025-211x300.png 211w, https:\/\/lusine.org\/wp-content\/uploads\/2025\/08\/patrimoin-2025-495x705.png 495w, https:\/\/lusine.org\/wp-content\/uploads\/2025\/08\/patrimoin-2025.png 655w\" sizes=\"auto, (max-width: 425px) 100vw, 425px\" \/>Chaque rentr\u00e9e, elles attirent des milliers de curieux \u00e0 travers la France. Les Journ\u00e9es Europ\u00e9ennes du Patrimoine font leur retour les 20 et 21 septembre, et Cavalaire ne fait pas exception<\/strong>. Pendant deux jours, la commune ouvre les portes de ses lieux embl\u00e9matiques et propose un programme riche en d\u00e9couvertes, enti\u00e8rement gratuit.<\/p>\n<p>Au c\u0153ur de l\u2019\u00e9v\u00e9nement, la Maison de la Nature accueille les visiteurs avec deux expositions immersives. La premi\u00e8re, <em>\u00ab Oc\u00e9ans, une plong\u00e9e insolite \u00bb<\/em>, invite \u00e0 explorer la richesse du monde naturel qui nous entoure. La seconde, <em>\u00ab We are M\u00e9diterran\u00e9e \u00bb<\/em>, propose une vision in\u00e9dite de la mer qui borde notre territoire.<\/p>\n<p>Mais ces journ\u00e9es ne sauraient \u00eatre compl\u00e8tes sans un d\u00e9tour par la Maison Foncin. Symbole patrimonial de Cavalaire, cette demeure majestueuse se d\u00e9voile \u00e0 travers des visites guid\u00e9es d\u2019une heure trente, accessibles sur inscription. Pour aller plus loin, Bertrand Frammery animera deux conf\u00e9rences retra\u00e7ant l\u2019histoire de la famille Foncin, dont l\u2019empreinte a marqu\u00e9 l\u2019identit\u00e9 de la commune.<\/p>\n<p>Enfin, le week-end s\u2019ach\u00e8vera en musique. Le dimanche 21 septembre \u00e0 18 h, un concert viendra cl\u00f4turer cette \u00e9dition sur une note festive et conviviale.<\/p>\n<p>Un rendez-vous \u00e0 ne pas manquer\u00a0!<\/p>\n<h4><strong>Info +<\/strong><\/h4>\n<p>Entr\u00e9e gratuite<\/p>\n<\/div><\/section><\/p><\/div>\n<style type=\"text\/css\" data-created_by=\"avia_inline_auto\" id=\"style-css-av-55i4ai-eee0744157fcf9df65f28fd7ac50a6d3\">\n#top .hr.hr-invisible.av-55i4ai-eee0744157fcf9df65f28fd7ac50a6d3{\nheight:60px;\n}\n<\/style>\n<div  class='hr av-55i4ai-eee0744157fcf9df65f28fd7ac50a6d3 hr-invisible  avia-builder-el-7  el_after_av_one_full  el_before_av_button '><span class='hr-inner '><span class=\"hr-inner-style\"><\/span><\/span><\/div>\n<div  class='avia-button-wrap av-meldzfy8-c57c096fd28f7870d1f840c2e35b9be6-wrap avia-button-center  avia-builder-el-8  el_after_av_hr  el_before_av_hr '><a href='https:\/\/lusine.qweekle.com\/shop\/lusine\/evenements\/journees-europeennes-du-patrimoine-2025?lang=fr'  class='avia-button av-meldzfy8-c57c096fd28f7870d1f840c2e35b9be6 av-link-btn avia-icon_select-no avia-size-x-large avia-position-center avia-color-theme-color'  target=\"_blank\"  rel=\"noopener noreferrer\"  aria-label=\"R\u00e9servez votre billet\"><span class='avia_iconbox_title' >R\u00e9servez votre billet<\/span><\/a><\/div>\n\n<style type=\"text\/css\" data-created_by=\"avia_inline_auto\" id=\"style-css-av-3jrpre-5aa5871bfdbf7af0ba421e20f07c059c\">\n#top .hr.hr-invisible.av-3jrpre-5aa5871bfdbf7af0ba421e20f07c059c{\nheight:60px;\n}\n<\/style>\n<div  class='hr av-3jrpre-5aa5871bfdbf7af0ba421e20f07c059c hr-invisible  avia-builder-el-9  el_after_av_button  el_before_av_button '><span class='hr-inner '><span class=\"hr-inner-style\"><\/span><\/span><\/div>\n<div  class='avia-button-wrap av-312hne-8bd6ded22d9037bf7110ef105a311512-wrap avia-button-center  avia-builder-el-10  el_after_av_hr  avia-builder-el-last '><a href='https:\/\/lusine.org\/index.php\/01-la-maison-de-la-nature\/actualites\/'  class='avia-button av-312hne-8bd6ded22d9037bf7110ef105a311512 av-link-btn avia-icon_select-no avia-size-medium avia-position-center avia-color-dark'   aria-label=\"Retour\"><span class='avia_iconbox_title' >Retour<\/span><\/a><\/div>\n<\/div><\/div><\/main><!-- close content main element --><\/div><\/div><div id='after_section_1'  class='main_color av_default_container_wrap container_wrap sidebar_right'  ><div class='container av-section-cont-open' ><div class='template-page content  av-content-small alpha units'><div class='post-entry post-entry-type-page post-entry-4330'><div class='entry-content-wrapper clearfix'>\n","protected":false},"excerpt":{"rendered":"","protected":false},"author":5,"featured_media":4331,"comment_status":"closed","ping_status":"closed","sticky":false,"template":"","format":"standard","meta":{"footnotes":""},"categories":[123],"tags":[],"class_list":["post-4330","post","type-post","status-publish","format-standard","has-post-thumbnail","hentry","category-evenements"],"_links":{"self":[{"href":"https:\/\/lusine.org\/index.php\/wp-json\/wp\/v2\/posts\/4330","targetHints":{"allow":["GET"]}}],"collection":[{"href":"https:\/\/lusine.org\/index.php\/wp-json\/wp\/v2\/posts"}],"about":[{"href":"https:\/\/lusine.org\/index.php\/wp-json\/wp\/v2\/types\/post"}],"author":[{"embeddable":true,"href":"https:\/\/lusine.org\/index.php\/wp-json\/wp\/v2\/users\/5"}],"replies":[{"embeddable":true,"href":"https:\/\/lusine.org\/index.php\/wp-json\/wp\/v2\/comments?post=4330"}],"version-history":[{"count":5,"href":"https:\/\/lusine.org\/index.php\/wp-json\/wp\/v2\/posts\/4330\/revisions"}],"predecessor-version":[{"id":4350,"href":"https:\/\/lusine.org\/index.php\/wp-json\/wp\/v2\/posts\/4330\/revisions\/4350"}],"wp:featuredmedia":[{"embeddable":true,"href":"https:\/\/lusine.org\/index.php\/wp-json\/wp\/v2\/media\/4331"}],"wp:attachment":[{"href":"https:\/\/lusine.org\/index.php\/wp-json\/wp\/v2\/media?parent=4330"}],"wp:term":[{"taxonomy":"category","embeddable":true,"href":"https:\/\/lusine.org\/index.php\/wp-json\/wp\/v2\/categories?post=4330"},{"taxonomy":"post_tag","embeddable":true,"href":"https:\/\/lusine.org\/index.php\/wp-json\/wp\/v2\/tags?post=4330"}],"curies":[{"name":"wp","href":"https:\/\/api.w.org\/{rel}","templated":true}]}}